{"id":4550,"date":"2025-05-13T17:49:44","date_gmt":"2025-05-13T15:49:44","guid":{"rendered":"https:\/\/thiers-sur-theve.fr\/?p=4550"},"modified":"2025-05-13T17:49:44","modified_gmt":"2025-05-13T15:49:44","slug":"reunion-dinformation-sur-les-modes-daccueil-du-jeune-enfant","status":"publish","type":"post","link":"https:\/\/thiers-sur-theve.fr\/index.php\/2025\/05\/13\/reunion-dinformation-sur-les-modes-daccueil-du-jeune-enfant\/","title":{"rendered":"R\u00c9UNION D&rsquo;INFORMATION SUR LES MODES D&rsquo;ACCUEIL DU JEUNE ENFANT"},"content":{"rendered":"\n<p>La communaut\u00e9 de communes de Senlis Sud Oise organise une r\u00e9union d\u2019information \u00e0 destination des parents afin de leur pr\u00e9senter les diff\u00e9rents modes d\u2019accueil du jeune enfant pr\u00e9sents sur le territoire :<\/p>\n\n\n\n<p class=\"has-text-align-center\"><strong>Le mardi 20 mai 2025 \u00e0 19h00<\/strong><\/p>\n\n\n\n<p class=\"has-text-align-center\"><strong>A SENLIS \u2013 salle de Bonsecours- Place du Valois.<\/strong><\/p>\n\n\n<a href=\"https:\/\/thiers-sur-theve.fr\/wp-content\/uploads\/2025\/05\/20250513170523.pdf\" class=\"pdfemb-viewer\" style=\"\" data-width=\"max\" data-height=\"max\" data-toolbar=\"both\" data-toolbar-fixed=\"on\">20250513170523<\/a>\n\n\n<p><\/p>\n","protected":false},"excerpt":{"rendered":"<p>La communaut\u00e9 de communes de Senlis Sud Oise organise une r\u00e9union d\u2019information \u00e0 destination des parents afin de leur pr\u00e9senter les diff\u00e9rents modes d\u2019accueil du jeune enfant pr\u00e9sents sur le territoire : Le mardi 20 mai 2025 \u00e0 19h00 A SENLIS \u2013 salle de Bonsecours- Place du Valois.<\/p>\n","protected":false},"author":5,"featured_media":4552,"comment_status":"closed","ping_status":"open","sticky":false,"template":"","format":"standard","meta":{"footnotes":""},"categories":[1],"tags":[],"class_list":["post-4550","post","type-post","status-publish","format-standard","has-post-thumbnail","hentry","category-non-classe"],"_links":{"self":[{"href":"https:\/\/thiers-sur-theve.fr\/index.php\/wp-json\/wp\/v2\/posts\/4550","targetHints":{"allow":["GET"]}}],"collection":[{"href":"https:\/\/thiers-sur-theve.fr\/index.php\/wp-json\/wp\/v2\/posts"}],"about":[{"href":"https:\/\/thiers-sur-theve.fr\/index.php\/wp-json\/wp\/v2\/types\/post"}],"author":[{"embeddable":true,"href":"https:\/\/thiers-sur-theve.fr\/index.php\/wp-json\/wp\/v2\/users\/5"}],"replies":[{"embeddable":true,"href":"https:\/\/thiers-sur-theve.fr\/index.php\/wp-json\/wp\/v2\/comments?post=4550"}],"version-history":[{"count":0,"href":"https:\/\/thiers-sur-theve.fr\/index.php\/wp-json\/wp\/v2\/posts\/4550\/revisions"}],"wp:featuredmedia":[{"embeddable":true,"href":"https:\/\/thiers-sur-theve.fr\/index.php\/wp-json\/wp\/v2\/media\/4552"}],"wp:attachment":[{"href":"https:\/\/thiers-sur-theve.fr\/index.php\/wp-json\/wp\/v2\/media?parent=4550"}],"wp:term":[{"taxonomy":"category","embeddable":true,"href":"https:\/\/thiers-sur-theve.fr\/index.php\/wp-json\/wp\/v2\/categories?post=4550"},{"taxonomy":"post_tag","embeddable":true,"href":"https:\/\/thiers-sur-theve.fr\/index.php\/wp-json\/wp\/v2\/tags?post=4550"}],"curies":[{"name":"wp","href":"https:\/\/api.w.org\/{rel}","templated":true}]}}