{"id":4553,"date":"2025-05-16T09:04:33","date_gmt":"2025-05-16T07:04:33","guid":{"rendered":"https:\/\/thiers-sur-theve.fr\/?p=4553"},"modified":"2025-05-16T09:04:33","modified_gmt":"2025-05-16T07:04:33","slug":"cahier-ecrire-au-prefet","status":"publish","type":"post","link":"https:\/\/thiers-sur-theve.fr\/index.php\/2025\/05\/16\/cahier-ecrire-au-prefet\/","title":{"rendered":"CAHIER \u00ab\u00a0\u00c9crire au Pr\u00e9fet\u00a0\u00bb"},"content":{"rendered":"\n<p>Bonjour \u00e0 toutes et \u00e0 tous, Monsieur le Pr\u00e9fet a mis en place un dispositif innovant : le cahier \u00ab\u00a0\u00c9crire au Pr\u00e9fet\u00a0\u00bb. Ce cahier est mis \u00e0 votre disposition pour vous permettre de poser une question aux services de l&rsquo;\u00c9tat ou de proposer une id\u00e9e. Celui-ci est \u00e0 votre disposition aux heures d&rsquo;ouverture du secr\u00e9tariat de Mairie.<\/p>\n\n\n<a href=\"https:\/\/thiers-sur-theve.fr\/wp-content\/uploads\/2025\/05\/20250516100152.pdf\" class=\"pdfemb-viewer\" style=\"\" data-width=\"max\" data-height=\"max\" data-toolbar=\"both\" data-toolbar-fixed=\"on\">20250516100152<\/a>","protected":false},"excerpt":{"rendered":"<p>Bonjour \u00e0 toutes et \u00e0 tous, Monsieur le Pr\u00e9fet a mis en place un dispositif innovant : le cahier \u00ab\u00a0\u00c9crire au Pr\u00e9fet\u00a0\u00bb. Ce cahier est mis \u00e0 votre disposition pour vous permettre de poser une question aux services de l&rsquo;\u00c9tat ou de proposer une id\u00e9e. Celui-ci est \u00e0 votre disposition aux heures d&rsquo;ouverture du secr\u00e9tariat [&hellip;]<\/p>\n","protected":false},"author":5,"featured_media":4555,"comment_status":"closed","ping_status":"open","sticky":false,"template":"","format":"standard","meta":{"footnotes":""},"categories":[4],"tags":[],"class_list":["post-4553","post","type-post","status-publish","format-standard","has-post-thumbnail","hentry","category-actualite"],"_links":{"self":[{"href":"https:\/\/thiers-sur-theve.fr\/index.php\/wp-json\/wp\/v2\/posts\/4553","targetHints":{"allow":["GET"]}}],"collection":[{"href":"https:\/\/thiers-sur-theve.fr\/index.php\/wp-json\/wp\/v2\/posts"}],"about":[{"href":"https:\/\/thiers-sur-theve.fr\/index.php\/wp-json\/wp\/v2\/types\/post"}],"author":[{"embeddable":true,"href":"https:\/\/thiers-sur-theve.fr\/index.php\/wp-json\/wp\/v2\/users\/5"}],"replies":[{"embeddable":true,"href":"https:\/\/thiers-sur-theve.fr\/index.php\/wp-json\/wp\/v2\/comments?post=4553"}],"version-history":[{"count":0,"href":"https:\/\/thiers-sur-theve.fr\/index.php\/wp-json\/wp\/v2\/posts\/4553\/revisions"}],"wp:featuredmedia":[{"embeddable":true,"href":"https:\/\/thiers-sur-theve.fr\/index.php\/wp-json\/wp\/v2\/media\/4555"}],"wp:attachment":[{"href":"https:\/\/thiers-sur-theve.fr\/index.php\/wp-json\/wp\/v2\/media?parent=4553"}],"wp:term":[{"taxonomy":"category","embeddable":true,"href":"https:\/\/thiers-sur-theve.fr\/index.php\/wp-json\/wp\/v2\/categories?post=4553"},{"taxonomy":"post_tag","embeddable":true,"href":"https:\/\/thiers-sur-theve.fr\/index.php\/wp-json\/wp\/v2\/tags?post=4553"}],"curies":[{"name":"wp","href":"https:\/\/api.w.org\/{rel}","templated":true}]}}