{"id":4556,"date":"2025-05-16T10:37:18","date_gmt":"2025-05-16T08:37:18","guid":{"rendered":"https:\/\/thiers-sur-theve.fr\/?p=4556"},"modified":"2025-05-16T10:46:00","modified_gmt":"2025-05-16T08:46:00","slug":"presentation-de-lanalyse-financiere","status":"publish","type":"post","link":"https:\/\/thiers-sur-theve.fr\/index.php\/2025\/05\/16\/presentation-de-lanalyse-financiere\/","title":{"rendered":"PR\u00c9SENTATION DE L&rsquo;ANALYSE FINANCI\u00c8RE"},"content":{"rendered":"\n<p>Bonjour \u00e0 toutes et \u00e0 tous, veuillez trouver ci-apr\u00e8s l&rsquo;analyse financi\u00e8re de la commune de 2019 \u00e0 2023 pr\u00e9sent\u00e9e le 26 f\u00e9vrier 2025 par Madame Patricia LECLERCQ, Conseill\u00e8re aux D\u00e9cideurs Locaux de la Direction G\u00e9n\u00e9rale des finances publiques.<\/p>\n\n\n<a href=\"https:\/\/thiers-sur-theve.fr\/wp-content\/uploads\/2025\/05\/Diaporama-AF-Thiers-sur-theve-sur-5-ans.pdf\" class=\"pdfemb-viewer\" style=\"\" data-width=\"max\" data-height=\"max\" data-toolbar=\"both\" data-toolbar-fixed=\"on\">Diaporama-AF-Thiers-sur-theve-sur-5-ans<\/a>","protected":false},"excerpt":{"rendered":"<p>Bonjour \u00e0 toutes et \u00e0 tous, veuillez trouver ci-apr\u00e8s l&rsquo;analyse financi\u00e8re de la commune de 2019 \u00e0 2023 pr\u00e9sent\u00e9e le 26 f\u00e9vrier 2025 par Madame Patricia LECLERCQ, Conseill\u00e8re aux D\u00e9cideurs Locaux de la Direction G\u00e9n\u00e9rale des finances publiques.<\/p>\n","protected":false},"author":5,"featured_media":4558,"comment_status":"closed","ping_status":"open","sticky":false,"template":"","format":"standard","meta":{"footnotes":""},"categories":[1],"tags":[],"class_list":["post-4556","post","type-post","status-publish","format-standard","has-post-thumbnail","hentry","category-non-classe"],"_links":{"self":[{"href":"https:\/\/thiers-sur-theve.fr\/index.php\/wp-json\/wp\/v2\/posts\/4556","targetHints":{"allow":["GET"]}}],"collection":[{"href":"https:\/\/thiers-sur-theve.fr\/index.php\/wp-json\/wp\/v2\/posts"}],"about":[{"href":"https:\/\/thiers-sur-theve.fr\/index.php\/wp-json\/wp\/v2\/types\/post"}],"author":[{"embeddable":true,"href":"https:\/\/thiers-sur-theve.fr\/index.php\/wp-json\/wp\/v2\/users\/5"}],"replies":[{"embeddable":true,"href":"https:\/\/thiers-sur-theve.fr\/index.php\/wp-json\/wp\/v2\/comments?post=4556"}],"version-history":[{"count":0,"href":"https:\/\/thiers-sur-theve.fr\/index.php\/wp-json\/wp\/v2\/posts\/4556\/revisions"}],"wp:featuredmedia":[{"embeddable":true,"href":"https:\/\/thiers-sur-theve.fr\/index.php\/wp-json\/wp\/v2\/media\/4558"}],"wp:attachment":[{"href":"https:\/\/thiers-sur-theve.fr\/index.php\/wp-json\/wp\/v2\/media?parent=4556"}],"wp:term":[{"taxonomy":"category","embeddable":true,"href":"https:\/\/thiers-sur-theve.fr\/index.php\/wp-json\/wp\/v2\/categories?post=4556"},{"taxonomy":"post_tag","embeddable":true,"href":"https:\/\/thiers-sur-theve.fr\/index.php\/wp-json\/wp\/v2\/tags?post=4556"}],"curies":[{"name":"wp","href":"https:\/\/api.w.org\/{rel}","templated":true}]}}