{"id":4709,"date":"2025-09-29T11:03:43","date_gmt":"2025-09-29T09:03:43","guid":{"rendered":"https:\/\/thiers-sur-theve.fr\/?p=4709"},"modified":"2025-09-29T11:03:43","modified_gmt":"2025-09-29T09:03:43","slug":"distribution-calendriers-2025","status":"publish","type":"post","link":"https:\/\/thiers-sur-theve.fr\/index.php\/2025\/09\/29\/distribution-calendriers-2025\/","title":{"rendered":"DISTRIBUTION CALENDRIERS 2025"},"content":{"rendered":"\n<p>Bonjour \u00e0 toutes et \u00e0 tous,<\/p>\n\n\n\n<p>Messieurs Micha\u00ebl TISSERAND et J\u00e9r\u00f4me FILLION, de la soci\u00e9t\u00e9 V\u00c9OLIA sont autoris\u00e9s \u00e0 vendre des calendriers sur la commune \u00e0 compter du 25 octobre et jusqu&rsquo;au 31 d\u00e9cembre 2025.<\/p>\n\n\n\n<p>Monsieur le Maire a sign\u00e9 une attestation les autorisant \u00e0 vendre des calendriers sur la commune.<\/p>\n","protected":false},"excerpt":{"rendered":"<p>Bonjour \u00e0 toutes et \u00e0 tous, Messieurs Micha\u00ebl TISSERAND et J\u00e9r\u00f4me FILLION, de la soci\u00e9t\u00e9 V\u00c9OLIA sont autoris\u00e9s \u00e0 vendre des calendriers sur la commune \u00e0 compter du 25 octobre et jusqu&rsquo;au 31 d\u00e9cembre 2025. Monsieur le Maire a sign\u00e9 une attestation les autorisant \u00e0 vendre des calendriers sur la commune.<\/p>\n","protected":false},"author":5,"featured_media":0,"comment_status":"closed","ping_status":"open","sticky":false,"template":"","format":"standard","meta":{"footnotes":""},"categories":[21],"tags":[],"class_list":["post-4709","post","type-post","status-publish","format-standard","hentry","category-ccsso"],"_links":{"self":[{"href":"https:\/\/thiers-sur-theve.fr\/index.php\/wp-json\/wp\/v2\/posts\/4709","targetHints":{"allow":["GET"]}}],"collection":[{"href":"https:\/\/thiers-sur-theve.fr\/index.php\/wp-json\/wp\/v2\/posts"}],"about":[{"href":"https:\/\/thiers-sur-theve.fr\/index.php\/wp-json\/wp\/v2\/types\/post"}],"author":[{"embeddable":true,"href":"https:\/\/thiers-sur-theve.fr\/index.php\/wp-json\/wp\/v2\/users\/5"}],"replies":[{"embeddable":true,"href":"https:\/\/thiers-sur-theve.fr\/index.php\/wp-json\/wp\/v2\/comments?post=4709"}],"version-history":[{"count":0,"href":"https:\/\/thiers-sur-theve.fr\/index.php\/wp-json\/wp\/v2\/posts\/4709\/revisions"}],"wp:attachment":[{"href":"https:\/\/thiers-sur-theve.fr\/index.php\/wp-json\/wp\/v2\/media?parent=4709"}],"wp:term":[{"taxonomy":"category","embeddable":true,"href":"https:\/\/thiers-sur-theve.fr\/index.php\/wp-json\/wp\/v2\/categories?post=4709"},{"taxonomy":"post_tag","embeddable":true,"href":"https:\/\/thiers-sur-theve.fr\/index.php\/wp-json\/wp\/v2\/tags?post=4709"}],"curies":[{"name":"wp","href":"https:\/\/api.w.org\/{rel}","templated":true}]}}