{"id":4807,"date":"2025-12-18T17:49:00","date_gmt":"2025-12-18T16:49:00","guid":{"rendered":"https:\/\/thiers-sur-theve.fr\/?p=4807"},"modified":"2025-12-18T17:49:00","modified_gmt":"2025-12-18T16:49:00","slug":"collecte-des-dechets-les-24-et-31-decembre-2025","status":"publish","type":"post","link":"https:\/\/thiers-sur-theve.fr\/index.php\/2025\/12\/18\/collecte-des-dechets-les-24-et-31-decembre-2025\/","title":{"rendered":"COLLECTE DES D\u00c9CHETS LES 24 ET 31 D\u00c9CEMBRE 2025"},"content":{"rendered":"\n<p>Bonjour \u00e0 toutes et \u00e0 tous,<\/p>\n\n\n\n<p>La collecte du tri s\u00e9lectif est avanc\u00e9e les mercredis 24 et 31 d\u00e9cembre 2025 .<br>Merci de sortir vos conteneurs avant 11 heures.<\/p>\n\n\n\n<figure class=\"wp-block-image size-large\"><img loading=\"lazy\" decoding=\"async\" width=\"1024\" height=\"724\" src=\"https:\/\/thiers-sur-theve.fr\/wp-content\/uploads\/2025\/12\/20251218183015_00001-1024x724.jpg\" alt=\"\" class=\"wp-image-4808\" srcset=\"https:\/\/thiers-sur-theve.fr\/wp-content\/uploads\/2025\/12\/20251218183015_00001-1024x724.jpg 1024w, https:\/\/thiers-sur-theve.fr\/wp-content\/uploads\/2025\/12\/20251218183015_00001-300x212.jpg 300w, https:\/\/thiers-sur-theve.fr\/wp-content\/uploads\/2025\/12\/20251218183015_00001-768x543.jpg 768w, https:\/\/thiers-sur-theve.fr\/wp-content\/uploads\/2025\/12\/20251218183015_00001-1536x1086.jpg 1536w, https:\/\/thiers-sur-theve.fr\/wp-content\/uploads\/2025\/12\/20251218183015_00001-2048x1448.jpg 2048w\" sizes=\"auto, (max-width: 1024px) 100vw, 1024px\" \/><\/figure>\n","protected":false},"excerpt":{"rendered":"<p>Bonjour \u00e0 toutes et \u00e0 tous, La collecte du tri s\u00e9lectif est avanc\u00e9e les mercredis 24 et 31 d\u00e9cembre 2025 .Merci de sortir vos conteneurs avant 11 heures.<\/p>\n","protected":false},"author":5,"featured_media":4808,"comment_status":"closed","ping_status":"open","sticky":false,"template":"","format":"standard","meta":{"footnotes":""},"categories":[21],"tags":[],"class_list":["post-4807","post","type-post","status-publish","format-standard","has-post-thumbnail","hentry","category-ccsso"],"_links":{"self":[{"href":"https:\/\/thiers-sur-theve.fr\/index.php\/wp-json\/wp\/v2\/posts\/4807","targetHints":{"allow":["GET"]}}],"collection":[{"href":"https:\/\/thiers-sur-theve.fr\/index.php\/wp-json\/wp\/v2\/posts"}],"about":[{"href":"https:\/\/thiers-sur-theve.fr\/index.php\/wp-json\/wp\/v2\/types\/post"}],"author":[{"embeddable":true,"href":"https:\/\/thiers-sur-theve.fr\/index.php\/wp-json\/wp\/v2\/users\/5"}],"replies":[{"embeddable":true,"href":"https:\/\/thiers-sur-theve.fr\/index.php\/wp-json\/wp\/v2\/comments?post=4807"}],"version-history":[{"count":0,"href":"https:\/\/thiers-sur-theve.fr\/index.php\/wp-json\/wp\/v2\/posts\/4807\/revisions"}],"wp:featuredmedia":[{"embeddable":true,"href":"https:\/\/thiers-sur-theve.fr\/index.php\/wp-json\/wp\/v2\/media\/4808"}],"wp:attachment":[{"href":"https:\/\/thiers-sur-theve.fr\/index.php\/wp-json\/wp\/v2\/media?parent=4807"}],"wp:term":[{"taxonomy":"category","embeddable":true,"href":"https:\/\/thiers-sur-theve.fr\/index.php\/wp-json\/wp\/v2\/categories?post=4807"},{"taxonomy":"post_tag","embeddable":true,"href":"https:\/\/thiers-sur-theve.fr\/index.php\/wp-json\/wp\/v2\/tags?post=4807"}],"curies":[{"name":"wp","href":"https:\/\/api.w.org\/{rel}","templated":true}]}}