{"id":4815,"date":"2026-01-07T15:05:29","date_gmt":"2026-01-07T14:05:29","guid":{"rendered":"https:\/\/thiers-sur-theve.fr\/?p=4815"},"modified":"2026-01-07T15:05:29","modified_gmt":"2026-01-07T14:05:29","slug":"rattrapage-collecte-de-tri-bac-jaune","status":"publish","type":"post","link":"https:\/\/thiers-sur-theve.fr\/index.php\/2026\/01\/07\/rattrapage-collecte-de-tri-bac-jaune\/","title":{"rendered":"RATTRAPAGE &#8211; COLLECTE DE TRI &#8211; BAC JAUNE"},"content":{"rendered":"\n<h3 class=\"wp-block-heading\"><\/h3>\n\n\n\n<p>Bonjour \u00e0 toutes et \u00e0 tous,<\/p>\n\n\n\n<p>Un rattrapage de collecte des emballages et papiers (bac jaune) est pr\u00e9vu<\/p>\n\n\n\n<p class=\"has-text-align-center\">\u00a0<strong>vendredi 9 janvier \u00e0 partir de 10h<\/strong><\/p>\n\n\n\n<p><\/p>\n","protected":false},"excerpt":{"rendered":"<p>Bonjour \u00e0 toutes et \u00e0 tous, Un rattrapage de collecte des emballages et papiers (bac jaune) est pr\u00e9vu \u00a0vendredi 9 janvier \u00e0 partir de 10h<\/p>\n","protected":false},"author":5,"featured_media":0,"comment_status":"closed","ping_status":"open","sticky":false,"template":"","format":"standard","meta":{"footnotes":""},"categories":[21],"tags":[],"class_list":["post-4815","post","type-post","status-publish","format-standard","hentry","category-ccsso"],"_links":{"self":[{"href":"https:\/\/thiers-sur-theve.fr\/index.php\/wp-json\/wp\/v2\/posts\/4815","targetHints":{"allow":["GET"]}}],"collection":[{"href":"https:\/\/thiers-sur-theve.fr\/index.php\/wp-json\/wp\/v2\/posts"}],"about":[{"href":"https:\/\/thiers-sur-theve.fr\/index.php\/wp-json\/wp\/v2\/types\/post"}],"author":[{"embeddable":true,"href":"https:\/\/thiers-sur-theve.fr\/index.php\/wp-json\/wp\/v2\/users\/5"}],"replies":[{"embeddable":true,"href":"https:\/\/thiers-sur-theve.fr\/index.php\/wp-json\/wp\/v2\/comments?post=4815"}],"version-history":[{"count":0,"href":"https:\/\/thiers-sur-theve.fr\/index.php\/wp-json\/wp\/v2\/posts\/4815\/revisions"}],"wp:attachment":[{"href":"https:\/\/thiers-sur-theve.fr\/index.php\/wp-json\/wp\/v2\/media?parent=4815"}],"wp:term":[{"taxonomy":"category","embeddable":true,"href":"https:\/\/thiers-sur-theve.fr\/index.php\/wp-json\/wp\/v2\/categories?post=4815"},{"taxonomy":"post_tag","embeddable":true,"href":"https:\/\/thiers-sur-theve.fr\/index.php\/wp-json\/wp\/v2\/tags?post=4815"}],"curies":[{"name":"wp","href":"https:\/\/api.w.org\/{rel}","templated":true}]}}