{"id":5224,"date":"2026-09-02T14:23:36","date_gmt":"2026-09-02T12:23:36","guid":{"rendered":"https:\/\/thiers-sur-theve.fr\/?p=5224"},"modified":"2026-09-02T14:23:36","modified_gmt":"2026-09-02T12:23:36","slug":"campagne-de-recrutement","status":"publish","type":"post","link":"https:\/\/thiers-sur-theve.fr\/index.php\/2026\/09\/02\/campagne-de-recrutement\/","title":{"rendered":"CAMPAGNE DE RECRUTEMENT"},"content":{"rendered":"\n<p class=\"wp-block-paragraph\">Bonjour \u00e0 toutes et \u00e0 tous,<\/p>\n\n\n\n<p class=\"wp-block-paragraph\">Dans le cadre de sa campagne de recrutement, l\u2019arm\u00e9e de Terre recrute 16000 postes par an (brigade des Sapeurs-pompiers de Paris et S\u00e9curit\u00e9 civile \u00e9galement), dans 16 domaines et 100 sp\u00e9cialit\u00e9s .<\/p>\n\n\n\n<p class=\"wp-block-paragraph\">L&rsquo;arm\u00e9e de terre recherche un profil avant un dipl\u00f4me, elle forme les jeunes sur un m\u00e9tier, de sans dipl\u00f4me \u00e0 BAC+5, de 17,5 (avec autorisation des parents) \u00e0 32 ans.<\/p>\n\n\n\n<p class=\"wp-block-paragraph\">Elle propose \u00e9galement des pr\u00e9parations militaires, un stage d\u2019immersion de 5 jours dans un r\u00e9giment \u00e0 partir de 16,5 ans&nbsp;<strong>\u00ab&nbsp;Se renseigner ne veut pas dire s\u2019engager&nbsp;\u00bb.<\/strong><\/p>\n\n\n\n<figure class=\"wp-block-image size-large\"><img loading=\"lazy\" decoding=\"async\" width=\"724\" height=\"1024\" src=\"https:\/\/thiers-sur-theve.fr\/wp-content\/uploads\/2026\/09\/20260902145818_00001-724x1024.jpg\" alt=\"\" class=\"wp-image-5225\" srcset=\"https:\/\/thiers-sur-theve.fr\/wp-content\/uploads\/2026\/09\/20260902145818_00001-724x1024.jpg 724w, https:\/\/thiers-sur-theve.fr\/wp-content\/uploads\/2026\/09\/20260902145818_00001-212x300.jpg 212w, https:\/\/thiers-sur-theve.fr\/wp-content\/uploads\/2026\/09\/20260902145818_00001-768x1086.jpg 768w, https:\/\/thiers-sur-theve.fr\/wp-content\/uploads\/2026\/09\/20260902145818_00001-1086x1536.jpg 1086w, https:\/\/thiers-sur-theve.fr\/wp-content\/uploads\/2026\/09\/20260902145818_00001-1448x2048.jpg 1448w, https:\/\/thiers-sur-theve.fr\/wp-content\/uploads\/2026\/09\/20260902145818_00001-scaled.jpg 1810w\" sizes=\"auto, (max-width: 724px) 100vw, 724px\" \/><\/figure>\n","protected":false},"excerpt":{"rendered":"<p>Bonjour \u00e0 toutes et \u00e0 tous, Dans le cadre de sa campagne de recrutement, l\u2019arm\u00e9e de Terre recrute 16000 postes par an (brigade des Sapeurs-pompiers de Paris et S\u00e9curit\u00e9 civile \u00e9galement), dans 16 domaines et 100 sp\u00e9cialit\u00e9s . L&rsquo;arm\u00e9e de terre recherche un profil avant un dipl\u00f4me, elle forme les jeunes sur un m\u00e9tier, de &hellip; <\/p>\n<p class=\"link-more\"><a href=\"https:\/\/thiers-sur-theve.fr\/index.php\/2026\/09\/02\/campagne-de-recrutement\/\" class=\"more-link\">Continuer la lecture<span class=\"screen-reader-text\"> de &laquo;&nbsp;CAMPAGNE DE RECRUTEMENT&nbsp;&raquo;<\/span><\/a><\/p>\n","protected":false},"author":5,"featured_media":0,"comment_status":"closed","ping_status":"open","sticky":false,"template":"","format":"standard","meta":{"footnotes":""},"categories":[1],"tags":[],"class_list":["post-5224","post","type-post","status-publish","format-standard","hentry","category-non-classe"],"_links":{"self":[{"href":"https:\/\/thiers-sur-theve.fr\/index.php\/wp-json\/wp\/v2\/posts\/5224","targetHints":{"allow":["GET"]}}],"collection":[{"href":"https:\/\/thiers-sur-theve.fr\/index.php\/wp-json\/wp\/v2\/posts"}],"about":[{"href":"https:\/\/thiers-sur-theve.fr\/index.php\/wp-json\/wp\/v2\/types\/post"}],"author":[{"embeddable":true,"href":"https:\/\/thiers-sur-theve.fr\/index.php\/wp-json\/wp\/v2\/users\/5"}],"replies":[{"embeddable":true,"href":"https:\/\/thiers-sur-theve.fr\/index.php\/wp-json\/wp\/v2\/comments?post=5224"}],"version-history":[{"count":0,"href":"https:\/\/thiers-sur-theve.fr\/index.php\/wp-json\/wp\/v2\/posts\/5224\/revisions"}],"wp:attachment":[{"href":"https:\/\/thiers-sur-theve.fr\/index.php\/wp-json\/wp\/v2\/media?parent=5224"}],"wp:term":[{"taxonomy":"category","embeddable":true,"href":"https:\/\/thiers-sur-theve.fr\/index.php\/wp-json\/wp\/v2\/categories?post=5224"},{"taxonomy":"post_tag","embeddable":true,"href":"https:\/\/thiers-sur-theve.fr\/index.php\/wp-json\/wp\/v2\/tags?post=5224"}],"curies":[{"name":"wp","href":"https:\/\/api.w.org\/{rel}","templated":true}]}}