{"id":5228,"date":"2026-09-02T16:53:13","date_gmt":"2026-09-02T14:53:13","guid":{"rendered":"https:\/\/thiers-sur-theve.fr\/?p=5228"},"modified":"2026-09-02T16:53:13","modified_gmt":"2026-09-02T14:53:13","slug":"automonie-votre-avis-compte","status":"publish","type":"post","link":"https:\/\/thiers-sur-theve.fr\/index.php\/2026\/09\/02\/automonie-votre-avis-compte\/","title":{"rendered":"AUTOMONIE &#8211; VOTRE AVIS COMPTE"},"content":{"rendered":"\n<p class=\"wp-block-paragraph\">Bonjour \u00e0 toutes et \u00e0 tous,<\/p>\n\n\n\n<p class=\"wp-block-paragraph\">Vous \u00eates une personne \u00e2g\u00e9e, en situation de handicap ou un aidant ? Le&nbsp;Conseil d\u00e9partemental de l\u2019Oise&nbsp;souhaite recueillir votre exp\u00e9rience, vos besoins et les difficult\u00e9s que vous rencontrez au quotidien dans le cadre du d\u00e9ploiement du Service public d\u00e9partemental de l\u2019autonomie (SPDA).&nbsp;<\/p>\n\n\n\n<p class=\"wp-block-paragraph\">&nbsp;6 minutes suffisent pour participer !<\/p>\n\n\n\n<p class=\"wp-block-paragraph\">&nbsp;Scannez le QR code pr\u00e9sent sur le visuel ou acc\u00e9dez directement au questionnaire :<br>https:\/\/app.evalandgo.com\/f\/447599\/4qfpEvs5LeUBo7GTzsWKu8<\/p>\n\n\n\n<p class=\"wp-block-paragraph\">Votre participation contribuera \u00e0 construire des actions au plus pr\u00e8s des besoins des habitants. N\u2019h\u00e9sitez pas \u00e0 partager cette information autour de vous !<\/p>\n\n\n\n<figure class=\"wp-block-image size-large\"><img loading=\"lazy\" decoding=\"async\" width=\"724\" height=\"1024\" src=\"https:\/\/thiers-sur-theve.fr\/wp-content\/uploads\/2026\/09\/20260902175603_00001-724x1024.jpg\" alt=\"\" class=\"wp-image-5229\" srcset=\"https:\/\/thiers-sur-theve.fr\/wp-content\/uploads\/2026\/09\/20260902175603_00001-724x1024.jpg 724w, https:\/\/thiers-sur-theve.fr\/wp-content\/uploads\/2026\/09\/20260902175603_00001-212x300.jpg 212w, https:\/\/thiers-sur-theve.fr\/wp-content\/uploads\/2026\/09\/20260902175603_00001-768x1086.jpg 768w, https:\/\/thiers-sur-theve.fr\/wp-content\/uploads\/2026\/09\/20260902175603_00001-1086x1536.jpg 1086w, https:\/\/thiers-sur-theve.fr\/wp-content\/uploads\/2026\/09\/20260902175603_00001-1448x2048.jpg 1448w, https:\/\/thiers-sur-theve.fr\/wp-content\/uploads\/2026\/09\/20260902175603_00001-scaled.jpg 1810w\" sizes=\"auto, (max-width: 724px) 100vw, 724px\" \/><\/figure>\n","protected":false},"excerpt":{"rendered":"<p>Bonjour \u00e0 toutes et \u00e0 tous, Vous \u00eates une personne \u00e2g\u00e9e, en situation de handicap ou un aidant ? Le&nbsp;Conseil d\u00e9partemental de l\u2019Oise&nbsp;souhaite recueillir votre exp\u00e9rience, vos besoins et les difficult\u00e9s que vous rencontrez au quotidien dans le cadre du d\u00e9ploiement du Service public d\u00e9partemental de l\u2019autonomie (SPDA).&nbsp; &nbsp;6 minutes suffisent pour participer ! &nbsp;Scannez &hellip; <\/p>\n<p class=\"link-more\"><a href=\"https:\/\/thiers-sur-theve.fr\/index.php\/2026\/09\/02\/automonie-votre-avis-compte\/\" class=\"more-link\">Continuer la lecture<span class=\"screen-reader-text\"> de &laquo;&nbsp;AUTOMONIE &#8211; VOTRE AVIS COMPTE&nbsp;&raquo;<\/span><\/a><\/p>\n","protected":false},"author":5,"featured_media":0,"comment_status":"closed","ping_status":"open","sticky":false,"template":"","format":"standard","meta":{"footnotes":""},"categories":[7],"tags":[],"class_list":["post-5228","post","type-post","status-publish","format-standard","hentry","category-communication-externe"],"_links":{"self":[{"href":"https:\/\/thiers-sur-theve.fr\/index.php\/wp-json\/wp\/v2\/posts\/5228","targetHints":{"allow":["GET"]}}],"collection":[{"href":"https:\/\/thiers-sur-theve.fr\/index.php\/wp-json\/wp\/v2\/posts"}],"about":[{"href":"https:\/\/thiers-sur-theve.fr\/index.php\/wp-json\/wp\/v2\/types\/post"}],"author":[{"embeddable":true,"href":"https:\/\/thiers-sur-theve.fr\/index.php\/wp-json\/wp\/v2\/users\/5"}],"replies":[{"embeddable":true,"href":"https:\/\/thiers-sur-theve.fr\/index.php\/wp-json\/wp\/v2\/comments?post=5228"}],"version-history":[{"count":0,"href":"https:\/\/thiers-sur-theve.fr\/index.php\/wp-json\/wp\/v2\/posts\/5228\/revisions"}],"wp:attachment":[{"href":"https:\/\/thiers-sur-theve.fr\/index.php\/wp-json\/wp\/v2\/media?parent=5228"}],"wp:term":[{"taxonomy":"category","embeddable":true,"href":"https:\/\/thiers-sur-theve.fr\/index.php\/wp-json\/wp\/v2\/categories?post=5228"},{"taxonomy":"post_tag","embeddable":true,"href":"https:\/\/thiers-sur-theve.fr\/index.php\/wp-json\/wp\/v2\/tags?post=5228"}],"curies":[{"name":"wp","href":"https:\/\/api.w.org\/{rel}","templated":true}]}}